{"id":10281,"date":"2026-04-29T13:09:05","date_gmt":"2026-04-29T16:09:05","guid":{"rendered":"https:\/\/viajandoconvos.com.ar\/wp\/?p=10281"},"modified":"2026-04-29T13:09:06","modified_gmt":"2026-04-29T16:09:06","slug":"san-martin-de-los-andes-participo-de-la-2o-ronda-de-negocios-mice-en-el-chocon","status":"publish","type":"post","link":"https:\/\/viajandoconvos.com.ar\/wp\/2026\/04\/29\/san-martin-de-los-andes-participo-de-la-2o-ronda-de-negocios-mice-en-el-chocon\/","title":{"rendered":"San Mart\u00edn de los Andes particip\u00f3 de la 2\u00ba Ronda de Negocios MICE en El Choc\u00f3n"},"content":{"rendered":"\n<p><em>El destino contin\u00faa fortaleciendo su posicionamiento en el segmento de turismo de reuniones a trav\u00e9s del trabajo conjunto entre el sector p\u00fablico y privado.<\/em><\/p>\n\n\n\n<p><strong>San Mart\u00edn de los Andes, mi\u00e9rcoles 29 de abril<\/strong>. En el marco del Plan Operativo de Turismo de Reuniones impulsado por&nbsp;Neuquentur, el Bureau de Eventos de San Mart\u00edn de los Andes particip\u00f3 el d\u00eda de ayer de la 2\u00ba Ronda de Negocios para el segmento MICE (Meetings, Incentives, Conferences and Exhibitions).<\/p>\n\n\n\n<p>El encuentro se desarroll\u00f3 en el emblem\u00e1tico&nbsp;Museo Paleontol\u00f3gico Ernesto Bachmann, en la localidad de&nbsp;Villa El Choc\u00f3n, y reuni\u00f3 a referentes del sector con el objetivo de generar nuevas oportunidades comerciales y potenciar el desarrollo del turismo de reuniones en la provincia.<\/p>\n\n\n\n<p>La delegaci\u00f3n local estuvo encabezada por la Lic.&nbsp;M\u00f3nica Ordo\u00f1ez, quien adem\u00e1s se desempe\u00f1a como responsable del \u00e1rea de Eventos de la Secretar\u00eda de Turismo. Durante la jornada, se present\u00f3 la infraestructura y los servicios especializados con los que cuenta San Mart\u00edn de los Andes para la realizaci\u00f3n de congresos, convenciones y viajes de incentivo, destacando la calidad de su oferta y el entorno natural que distingue al destino.<\/p>\n\n\n\n<p>Asimismo, se resalt\u00f3 la participaci\u00f3n de importantes socios del Bureau, quienes mantuvieron reuniones de trabajo con potenciales clientes para impulsar la captaci\u00f3n de nuevos eventos hacia la ciudad. Entre ellos se encontraron agencias de viajes como Lan\u00edn Turismo y Destino Andino; la empresa de servicios t\u00e9cnicos Non Return Point; y establecimientos de alojamiento como Apart del Sauco y Rinc\u00f3n de los Andes.<\/p>\n\n\n\n<p>El turismo de reuniones se posiciona como uno de los pilares estrat\u00e9gicos para el desarrollo tur\u00edstico de la provincia, ya que contribuye a la desestacionalizaci\u00f3n de la actividad y genera un impacto econ\u00f3mico significativo. En este sentido, esta segunda ronda de negocios permiti\u00f3 fortalecer v\u00ednculos directos entre prestadores y potenciales organizadores de eventos, reafirmando el compromiso del sector p\u00fablico y privado con el crecimiento sostenido de este segmento.<\/p>\n\n\n\n<p>De esta manera, San Mart\u00edn de los Andes contin\u00faa consolid\u00e1ndose como un destino competitivo dentro del segmento MICE, apostando a la profesionalizaci\u00f3n, la articulaci\u00f3n y la generaci\u00f3n de oportunidades que potencien su desarrollo tur\u00edstico durante todo el a\u00f1o.<\/p>\n","protected":false},"excerpt":{"rendered":"<p>El destino contin\u00faa fortaleciendo su posicionamiento en el segmento de turismo de reuniones a trav\u00e9s del trabajo conjunto entre el sector p\u00fablico y privado. San Mart\u00edn de los Andes, mi\u00e9rcoles&#46;&#46;&#46;<\/p>\n","protected":false},"author":2,"featured_media":10282,"comment_status":"closed","ping_status":"closed","sticky":false,"template":"","format":"standard","meta":{"footnotes":""},"categories":[1],"tags":[],"class_list":["post-10281","post","type-post","status-publish","format-standard","has-post-thumbnail","hentry","category-sin-categoria"],"yoast_head":"<!-- This site is optimized with the Yoast SEO plugin v27.5 - https:\/\/yoast.com\/product\/yoast-seo-wordpress\/ -->\n<title>San Mart\u00edn de los Andes particip\u00f3 de la 2\u00ba Ronda de Negocios MICE en El Choc\u00f3n - Viajando con vos con Quique Colombo<\/title>\n<meta name=\"robots\" content=\"index, follow, max-snippet:-1, max-image-preview:large, max-video-preview:-1\" \/>\n<link rel=\"canonical\" href=\"https:\/\/viajandoconvos.com.ar\/wp\/2026\/04\/29\/san-martin-de-los-andes-participo-de-la-2o-ronda-de-negocios-mice-en-el-chocon\/\" \/>\n<meta property=\"og:locale\" content=\"es_ES\" \/>\n<meta property=\"og:type\" content=\"article\" \/>\n<meta property=\"og:title\" content=\"San Mart\u00edn de los Andes particip\u00f3 de la 2\u00ba Ronda de Negocios MICE en El Choc\u00f3n - Viajando con vos con Quique Colombo\" \/>\n<meta property=\"og:description\" content=\"El destino contin\u00faa fortaleciendo su posicionamiento en el segmento de turismo de reuniones a trav\u00e9s del trabajo conjunto entre el sector p\u00fablico y privado. San Mart\u00edn de los Andes, mi\u00e9rcoles&#046;&#046;&#046;\" \/>\n<meta property=\"og:url\" content=\"https:\/\/viajandoconvos.com.ar\/wp\/2026\/04\/29\/san-martin-de-los-andes-participo-de-la-2o-ronda-de-negocios-mice-en-el-chocon\/\" \/>\n<meta property=\"og:site_name\" content=\"Viajando con vos con Quique Colombo\" \/>\n<meta property=\"article:publisher\" content=\"https:\/\/www.facebook.com\/quique.colombo\/\" \/>\n<meta property=\"article:published_time\" content=\"2026-04-29T16:09:05+00:00\" \/>\n<meta property=\"article:modified_time\" content=\"2026-04-29T16:09:06+00:00\" \/>\n<meta property=\"og:image\" content=\"https:\/\/viajandoconvos.com.ar\/wp\/wp-content\/uploads\/WhatsApp-Image-2026-04-29-at-11.37.22.jpeg\" \/>\n\t<meta property=\"og:image:width\" content=\"1080\" \/>\n\t<meta property=\"og:image:height\" content=\"1020\" \/>\n\t<meta property=\"og:image:type\" content=\"image\/jpeg\" \/>\n<meta name=\"author\" content=\"quique colombo\" \/>\n<meta name=\"twitter:card\" content=\"summary_large_image\" \/>\n<meta name=\"twitter:label1\" content=\"Escrito por\" \/>\n\t<meta name=\"twitter:data1\" content=\"quique colombo\" \/>\n\t<meta name=\"twitter:label2\" content=\"Tiempo de lectura\" \/>\n\t<meta name=\"twitter:data2\" content=\"2 minutos\" \/>\n<script type=\"application\/ld+json\" class=\"yoast-schema-graph\">{\"@context\":\"https:\\\/\\\/schema.org\",\"@graph\":[{\"@type\":\"Article\",\"@id\":\"https:\\\/\\\/viajandoconvos.com.ar\\\/wp\\\/2026\\\/04\\\/29\\\/san-martin-de-los-andes-participo-de-la-2o-ronda-de-negocios-mice-en-el-chocon\\\/#article\",\"isPartOf\":{\"@id\":\"https:\\\/\\\/viajandoconvos.com.ar\\\/wp\\\/2026\\\/04\\\/29\\\/san-martin-de-los-andes-participo-de-la-2o-ronda-de-negocios-mice-en-el-chocon\\\/\"},\"author\":{\"name\":\"quique colombo\",\"@id\":\"https:\\\/\\\/viajandoconvos.com.ar\\\/wp\\\/#\\\/schema\\\/person\\\/23a217edc6d2bf1c431512da58d2e41b\"},\"headline\":\"San Mart\u00edn de los Andes particip\u00f3 de la 2\u00ba Ronda de Negocios MICE en El Choc\u00f3n\",\"datePublished\":\"2026-04-29T16:09:05+00:00\",\"dateModified\":\"2026-04-29T16:09:06+00:00\",\"mainEntityOfPage\":{\"@id\":\"https:\\\/\\\/viajandoconvos.com.ar\\\/wp\\\/2026\\\/04\\\/29\\\/san-martin-de-los-andes-participo-de-la-2o-ronda-de-negocios-mice-en-el-chocon\\\/\"},\"wordCount\":412,\"publisher\":{\"@id\":\"https:\\\/\\\/viajandoconvos.com.ar\\\/wp\\\/#organization\"},\"image\":{\"@id\":\"https:\\\/\\\/viajandoconvos.com.ar\\\/wp\\\/2026\\\/04\\\/29\\\/san-martin-de-los-andes-participo-de-la-2o-ronda-de-negocios-mice-en-el-chocon\\\/#primaryimage\"},\"thumbnailUrl\":\"https:\\\/\\\/viajandoconvos.com.ar\\\/wp\\\/wp-content\\\/uploads\\\/WhatsApp-Image-2026-04-29-at-11.37.22.jpeg\",\"inLanguage\":\"es\"},{\"@type\":\"WebPage\",\"@id\":\"https:\\\/\\\/viajandoconvos.com.ar\\\/wp\\\/2026\\\/04\\\/29\\\/san-martin-de-los-andes-participo-de-la-2o-ronda-de-negocios-mice-en-el-chocon\\\/\",\"url\":\"https:\\\/\\\/viajandoconvos.com.ar\\\/wp\\\/2026\\\/04\\\/29\\\/san-martin-de-los-andes-participo-de-la-2o-ronda-de-negocios-mice-en-el-chocon\\\/\",\"name\":\"San Mart\u00edn de los Andes particip\u00f3 de la 2\u00ba Ronda de Negocios MICE en El Choc\u00f3n - Viajando con vos con Quique Colombo\",\"isPartOf\":{\"@id\":\"https:\\\/\\\/viajandoconvos.com.ar\\\/wp\\\/#website\"},\"primaryImageOfPage\":{\"@id\":\"https:\\\/\\\/viajandoconvos.com.ar\\\/wp\\\/2026\\\/04\\\/29\\\/san-martin-de-los-andes-participo-de-la-2o-ronda-de-negocios-mice-en-el-chocon\\\/#primaryimage\"},\"image\":{\"@id\":\"https:\\\/\\\/viajandoconvos.com.ar\\\/wp\\\/2026\\\/04\\\/29\\\/san-martin-de-los-andes-participo-de-la-2o-ronda-de-negocios-mice-en-el-chocon\\\/#primaryimage\"},\"thumbnailUrl\":\"https:\\\/\\\/viajandoconvos.com.ar\\\/wp\\\/wp-content\\\/uploads\\\/WhatsApp-Image-2026-04-29-at-11.37.22.jpeg\",\"datePublished\":\"2026-04-29T16:09:05+00:00\",\"dateModified\":\"2026-04-29T16:09:06+00:00\",\"breadcrumb\":{\"@id\":\"https:\\\/\\\/viajandoconvos.com.ar\\\/wp\\\/2026\\\/04\\\/29\\\/san-martin-de-los-andes-participo-de-la-2o-ronda-de-negocios-mice-en-el-chocon\\\/#breadcrumb\"},\"inLanguage\":\"es\",\"potentialAction\":[{\"@type\":\"ReadAction\",\"target\":[\"https:\\\/\\\/viajandoconvos.com.ar\\\/wp\\\/2026\\\/04\\\/29\\\/san-martin-de-los-andes-participo-de-la-2o-ronda-de-negocios-mice-en-el-chocon\\\/\"]}]},{\"@type\":\"ImageObject\",\"inLanguage\":\"es\",\"@id\":\"https:\\\/\\\/viajandoconvos.com.ar\\\/wp\\\/2026\\\/04\\\/29\\\/san-martin-de-los-andes-participo-de-la-2o-ronda-de-negocios-mice-en-el-chocon\\\/#primaryimage\",\"url\":\"https:\\\/\\\/viajandoconvos.com.ar\\\/wp\\\/wp-content\\\/uploads\\\/WhatsApp-Image-2026-04-29-at-11.37.22.jpeg\",\"contentUrl\":\"https:\\\/\\\/viajandoconvos.com.ar\\\/wp\\\/wp-content\\\/uploads\\\/WhatsApp-Image-2026-04-29-at-11.37.22.jpeg\",\"width\":1080,\"height\":1020},{\"@type\":\"BreadcrumbList\",\"@id\":\"https:\\\/\\\/viajandoconvos.com.ar\\\/wp\\\/2026\\\/04\\\/29\\\/san-martin-de-los-andes-participo-de-la-2o-ronda-de-negocios-mice-en-el-chocon\\\/#breadcrumb\",\"itemListElement\":[{\"@type\":\"ListItem\",\"position\":1,\"name\":\"Portada\",\"item\":\"https:\\\/\\\/viajandoconvos.com.ar\\\/wp\\\/\"},{\"@type\":\"ListItem\",\"position\":2,\"name\":\"San Mart\u00edn de los Andes particip\u00f3 de la 2\u00ba Ronda de Negocios MICE en El Choc\u00f3n\"}]},{\"@type\":\"WebSite\",\"@id\":\"https:\\\/\\\/viajandoconvos.com.ar\\\/wp\\\/#website\",\"url\":\"https:\\\/\\\/viajandoconvos.com.ar\\\/wp\\\/\",\"name\":\"Viajando con vos con Quique Colombo\",\"description\":\"Actualidad del sector Tur\u00edstico\",\"publisher\":{\"@id\":\"https:\\\/\\\/viajandoconvos.com.ar\\\/wp\\\/#organization\"},\"potentialAction\":[{\"@type\":\"SearchAction\",\"target\":{\"@type\":\"EntryPoint\",\"urlTemplate\":\"https:\\\/\\\/viajandoconvos.com.ar\\\/wp\\\/?s={search_term_string}\"},\"query-input\":{\"@type\":\"PropertyValueSpecification\",\"valueRequired\":true,\"valueName\":\"search_term_string\"}}],\"inLanguage\":\"es\"},{\"@type\":\"Organization\",\"@id\":\"https:\\\/\\\/viajandoconvos.com.ar\\\/wp\\\/#organization\",\"name\":\"Viajando con vos con Quique Colombo\",\"url\":\"https:\\\/\\\/viajandoconvos.com.ar\\\/wp\\\/\",\"logo\":{\"@type\":\"ImageObject\",\"inLanguage\":\"es\",\"@id\":\"https:\\\/\\\/viajandoconvos.com.ar\\\/wp\\\/#\\\/schema\\\/logo\\\/image\\\/\",\"url\":\"https:\\\/\\\/viajandoconvos.com.ar\\\/wp\\\/wp-content\\\/uploads\\\/logoviajando.png\",\"contentUrl\":\"https:\\\/\\\/viajandoconvos.com.ar\\\/wp\\\/wp-content\\\/uploads\\\/logoviajando.png\",\"width\":1920,\"height\":1080,\"caption\":\"Viajando con vos con Quique Colombo\"},\"image\":{\"@id\":\"https:\\\/\\\/viajandoconvos.com.ar\\\/wp\\\/#\\\/schema\\\/logo\\\/image\\\/\"},\"sameAs\":[\"https:\\\/\\\/www.facebook.com\\\/quique.colombo\\\/\"]},{\"@type\":\"Person\",\"@id\":\"https:\\\/\\\/viajandoconvos.com.ar\\\/wp\\\/#\\\/schema\\\/person\\\/23a217edc6d2bf1c431512da58d2e41b\",\"name\":\"quique colombo\",\"image\":{\"@type\":\"ImageObject\",\"inLanguage\":\"es\",\"@id\":\"https:\\\/\\\/secure.gravatar.com\\\/avatar\\\/4f9f95344662de91dc9d9453612cd5091e708c8876a1d3cd2597729491128f6e?s=96&d=mm&r=g\",\"url\":\"https:\\\/\\\/secure.gravatar.com\\\/avatar\\\/4f9f95344662de91dc9d9453612cd5091e708c8876a1d3cd2597729491128f6e?s=96&d=mm&r=g\",\"contentUrl\":\"https:\\\/\\\/secure.gravatar.com\\\/avatar\\\/4f9f95344662de91dc9d9453612cd5091e708c8876a1d3cd2597729491128f6e?s=96&d=mm&r=g\",\"caption\":\"quique colombo\"},\"url\":\"https:\\\/\\\/viajandoconvos.com.ar\\\/wp\\\/author\\\/quique\\\/\"}]}<\/script>\n<!-- \/ Yoast SEO plugin. -->","yoast_head_json":{"title":"San Mart\u00edn de los Andes particip\u00f3 de la 2\u00ba Ronda de Negocios MICE en El Choc\u00f3n - Viajando con vos con Quique Colombo","robots":{"index":"index","follow":"follow","max-snippet":"max-snippet:-1","max-image-preview":"max-image-preview:large","max-video-preview":"max-video-preview:-1"},"canonical":"https:\/\/viajandoconvos.com.ar\/wp\/2026\/04\/29\/san-martin-de-los-andes-participo-de-la-2o-ronda-de-negocios-mice-en-el-chocon\/","og_locale":"es_ES","og_type":"article","og_title":"San Mart\u00edn de los Andes particip\u00f3 de la 2\u00ba Ronda de Negocios MICE en El Choc\u00f3n - Viajando con vos con Quique Colombo","og_description":"El destino contin\u00faa fortaleciendo su posicionamiento en el segmento de turismo de reuniones a trav\u00e9s del trabajo conjunto entre el sector p\u00fablico y privado. San Mart\u00edn de los Andes, mi\u00e9rcoles&#46;&#46;&#46;","og_url":"https:\/\/viajandoconvos.com.ar\/wp\/2026\/04\/29\/san-martin-de-los-andes-participo-de-la-2o-ronda-de-negocios-mice-en-el-chocon\/","og_site_name":"Viajando con vos con Quique Colombo","article_publisher":"https:\/\/www.facebook.com\/quique.colombo\/","article_published_time":"2026-04-29T16:09:05+00:00","article_modified_time":"2026-04-29T16:09:06+00:00","og_image":[{"width":1080,"height":1020,"url":"https:\/\/viajandoconvos.com.ar\/wp\/wp-content\/uploads\/WhatsApp-Image-2026-04-29-at-11.37.22.jpeg","type":"image\/jpeg"}],"author":"quique colombo","twitter_card":"summary_large_image","twitter_misc":{"Escrito por":"quique colombo","Tiempo de lectura":"2 minutos"},"schema":{"@context":"https:\/\/schema.org","@graph":[{"@type":"Article","@id":"https:\/\/viajandoconvos.com.ar\/wp\/2026\/04\/29\/san-martin-de-los-andes-participo-de-la-2o-ronda-de-negocios-mice-en-el-chocon\/#article","isPartOf":{"@id":"https:\/\/viajandoconvos.com.ar\/wp\/2026\/04\/29\/san-martin-de-los-andes-participo-de-la-2o-ronda-de-negocios-mice-en-el-chocon\/"},"author":{"name":"quique colombo","@id":"https:\/\/viajandoconvos.com.ar\/wp\/#\/schema\/person\/23a217edc6d2bf1c431512da58d2e41b"},"headline":"San Mart\u00edn de los Andes particip\u00f3 de la 2\u00ba Ronda de Negocios MICE en El Choc\u00f3n","datePublished":"2026-04-29T16:09:05+00:00","dateModified":"2026-04-29T16:09:06+00:00","mainEntityOfPage":{"@id":"https:\/\/viajandoconvos.com.ar\/wp\/2026\/04\/29\/san-martin-de-los-andes-participo-de-la-2o-ronda-de-negocios-mice-en-el-chocon\/"},"wordCount":412,"publisher":{"@id":"https:\/\/viajandoconvos.com.ar\/wp\/#organization"},"image":{"@id":"https:\/\/viajandoconvos.com.ar\/wp\/2026\/04\/29\/san-martin-de-los-andes-participo-de-la-2o-ronda-de-negocios-mice-en-el-chocon\/#primaryimage"},"thumbnailUrl":"https:\/\/viajandoconvos.com.ar\/wp\/wp-content\/uploads\/WhatsApp-Image-2026-04-29-at-11.37.22.jpeg","inLanguage":"es"},{"@type":"WebPage","@id":"https:\/\/viajandoconvos.com.ar\/wp\/2026\/04\/29\/san-martin-de-los-andes-participo-de-la-2o-ronda-de-negocios-mice-en-el-chocon\/","url":"https:\/\/viajandoconvos.com.ar\/wp\/2026\/04\/29\/san-martin-de-los-andes-participo-de-la-2o-ronda-de-negocios-mice-en-el-chocon\/","name":"San Mart\u00edn de los Andes particip\u00f3 de la 2\u00ba Ronda de Negocios MICE en El Choc\u00f3n - Viajando con vos con Quique Colombo","isPartOf":{"@id":"https:\/\/viajandoconvos.com.ar\/wp\/#website"},"primaryImageOfPage":{"@id":"https:\/\/viajandoconvos.com.ar\/wp\/2026\/04\/29\/san-martin-de-los-andes-participo-de-la-2o-ronda-de-negocios-mice-en-el-chocon\/#primaryimage"},"image":{"@id":"https:\/\/viajandoconvos.com.ar\/wp\/2026\/04\/29\/san-martin-de-los-andes-participo-de-la-2o-ronda-de-negocios-mice-en-el-chocon\/#primaryimage"},"thumbnailUrl":"https:\/\/viajandoconvos.com.ar\/wp\/wp-content\/uploads\/WhatsApp-Image-2026-04-29-at-11.37.22.jpeg","datePublished":"2026-04-29T16:09:05+00:00","dateModified":"2026-04-29T16:09:06+00:00","breadcrumb":{"@id":"https:\/\/viajandoconvos.com.ar\/wp\/2026\/04\/29\/san-martin-de-los-andes-participo-de-la-2o-ronda-de-negocios-mice-en-el-chocon\/#breadcrumb"},"inLanguage":"es","potentialAction":[{"@type":"ReadAction","target":["https:\/\/viajandoconvos.com.ar\/wp\/2026\/04\/29\/san-martin-de-los-andes-participo-de-la-2o-ronda-de-negocios-mice-en-el-chocon\/"]}]},{"@type":"ImageObject","inLanguage":"es","@id":"https:\/\/viajandoconvos.com.ar\/wp\/2026\/04\/29\/san-martin-de-los-andes-participo-de-la-2o-ronda-de-negocios-mice-en-el-chocon\/#primaryimage","url":"https:\/\/viajandoconvos.com.ar\/wp\/wp-content\/uploads\/WhatsApp-Image-2026-04-29-at-11.37.22.jpeg","contentUrl":"https:\/\/viajandoconvos.com.ar\/wp\/wp-content\/uploads\/WhatsApp-Image-2026-04-29-at-11.37.22.jpeg","width":1080,"height":1020},{"@type":"BreadcrumbList","@id":"https:\/\/viajandoconvos.com.ar\/wp\/2026\/04\/29\/san-martin-de-los-andes-participo-de-la-2o-ronda-de-negocios-mice-en-el-chocon\/#breadcrumb","itemListElement":[{"@type":"ListItem","position":1,"name":"Portada","item":"https:\/\/viajandoconvos.com.ar\/wp\/"},{"@type":"ListItem","position":2,"name":"San Mart\u00edn de los Andes particip\u00f3 de la 2\u00ba Ronda de Negocios MICE en El Choc\u00f3n"}]},{"@type":"WebSite","@id":"https:\/\/viajandoconvos.com.ar\/wp\/#website","url":"https:\/\/viajandoconvos.com.ar\/wp\/","name":"Viajando con vos con Quique Colombo","description":"Actualidad del sector Tur\u00edstico","publisher":{"@id":"https:\/\/viajandoconvos.com.ar\/wp\/#organization"},"potentialAction":[{"@type":"SearchAction","target":{"@type":"EntryPoint","urlTemplate":"https:\/\/viajandoconvos.com.ar\/wp\/?s={search_term_string}"},"query-input":{"@type":"PropertyValueSpecification","valueRequired":true,"valueName":"search_term_string"}}],"inLanguage":"es"},{"@type":"Organization","@id":"https:\/\/viajandoconvos.com.ar\/wp\/#organization","name":"Viajando con vos con Quique Colombo","url":"https:\/\/viajandoconvos.com.ar\/wp\/","logo":{"@type":"ImageObject","inLanguage":"es","@id":"https:\/\/viajandoconvos.com.ar\/wp\/#\/schema\/logo\/image\/","url":"https:\/\/viajandoconvos.com.ar\/wp\/wp-content\/uploads\/logoviajando.png","contentUrl":"https:\/\/viajandoconvos.com.ar\/wp\/wp-content\/uploads\/logoviajando.png","width":1920,"height":1080,"caption":"Viajando con vos con Quique Colombo"},"image":{"@id":"https:\/\/viajandoconvos.com.ar\/wp\/#\/schema\/logo\/image\/"},"sameAs":["https:\/\/www.facebook.com\/quique.colombo\/"]},{"@type":"Person","@id":"https:\/\/viajandoconvos.com.ar\/wp\/#\/schema\/person\/23a217edc6d2bf1c431512da58d2e41b","name":"quique colombo","image":{"@type":"ImageObject","inLanguage":"es","@id":"https:\/\/secure.gravatar.com\/avatar\/4f9f95344662de91dc9d9453612cd5091e708c8876a1d3cd2597729491128f6e?s=96&d=mm&r=g","url":"https:\/\/secure.gravatar.com\/avatar\/4f9f95344662de91dc9d9453612cd5091e708c8876a1d3cd2597729491128f6e?s=96&d=mm&r=g","contentUrl":"https:\/\/secure.gravatar.com\/avatar\/4f9f95344662de91dc9d9453612cd5091e708c8876a1d3cd2597729491128f6e?s=96&d=mm&r=g","caption":"quique colombo"},"url":"https:\/\/viajandoconvos.com.ar\/wp\/author\/quique\/"}]}},"_links":{"self":[{"href":"https:\/\/viajandoconvos.com.ar\/wp\/wp-json\/wp\/v2\/posts\/10281","targetHints":{"allow":["GET"]}}],"collection":[{"href":"https:\/\/viajandoconvos.com.ar\/wp\/wp-json\/wp\/v2\/posts"}],"about":[{"href":"https:\/\/viajandoconvos.com.ar\/wp\/wp-json\/wp\/v2\/types\/post"}],"author":[{"embeddable":true,"href":"https:\/\/viajandoconvos.com.ar\/wp\/wp-json\/wp\/v2\/users\/2"}],"replies":[{"embeddable":true,"href":"https:\/\/viajandoconvos.com.ar\/wp\/wp-json\/wp\/v2\/comments?post=10281"}],"version-history":[{"count":1,"href":"https:\/\/viajandoconvos.com.ar\/wp\/wp-json\/wp\/v2\/posts\/10281\/revisions"}],"predecessor-version":[{"id":10283,"href":"https:\/\/viajandoconvos.com.ar\/wp\/wp-json\/wp\/v2\/posts\/10281\/revisions\/10283"}],"wp:featuredmedia":[{"embeddable":true,"href":"https:\/\/viajandoconvos.com.ar\/wp\/wp-json\/wp\/v2\/media\/10282"}],"wp:attachment":[{"href":"https:\/\/viajandoconvos.com.ar\/wp\/wp-json\/wp\/v2\/media?parent=10281"}],"wp:term":[{"taxonomy":"category","embeddable":true,"href":"https:\/\/viajandoconvos.com.ar\/wp\/wp-json\/wp\/v2\/categories?post=10281"},{"taxonomy":"post_tag","embeddable":true,"href":"https:\/\/viajandoconvos.com.ar\/wp\/wp-json\/wp\/v2\/tags?post=10281"}],"curies":[{"name":"wp","href":"https:\/\/api.w.org\/{rel}","templated":true}]}}